{"id":9635,"date":"2023-07-07T21:46:36","date_gmt":"2023-07-07T19:46:36","guid":{"rendered":"https:\/\/www.onuperu.org\/?p=9635"},"modified":"2023-07-08T10:02:03","modified_gmt":"2023-07-08T08:02:03","slug":"ministro-de-justicia-y-derechos-humanos-daniel-mairate-reafirma-compromiso-del-peru-con-derechos-humanos","status":"publish","type":"post","link":"https:\/\/www.chuquihuara.com\/gva\/?p=9635","title":{"rendered":"Ministro de Justicia y Derechos Humanos, Daniel Maurate, reafirma compromiso del Per\u00fa con Derechos Humanos"},"content":{"rendered":"<h5><em><strong>Ministro de Justicia y Derechos Humanos, Daniel Maurate, reafirma compromiso del Per\u00fa con derechos humanos durante adopci\u00f3n del examen peri\u00f3dico universal del Per\u00fa en Consejo de Derechos Humanos de la ONU<\/strong><\/em><\/h5>\n<h4><strong>Nota de Prensa<\/strong><\/h4>\n<p style=\"text-align: justify;\">Hoy 7 de julio, el Consejo de Derechos Humanos de la ONU adopt\u00f3 por consenso el resultado del cuarto Examen Peri\u00f3dico Universal (EPU) del Per\u00fa, durante una sesi\u00f3n llevada a cabo en Ginebra, en la cual el Ministro de Justicia y Derechos Humanos, Daniel Maurate Romero, confirm\u00f3 la aceptaci\u00f3n plena de 190 y parcial de 8 de las 202 recomendaciones que le plantearon 68 pa\u00edses, en enero pasado.<\/p>\n<p style=\"text-align: justify;\">Liderando la delegaci\u00f3n nacional, el Ministro de Justicia y Derechos Humanos, Daniel Maurate, por v\u00eda virtual, reafirm\u00f3 el compromiso del Per\u00fa con la promoci\u00f3n y protecci\u00f3n de los derechos humanos y libertades fundamentales. Subray\u00f3 que se han aceptado gran parte de las recomendaciones referidas a la investigaci\u00f3n de denuncias en contextos de protestas sociales.\u201d Recalc\u00f3 que ello era muestra del compromiso peruano con garantizar el derecho a la verdad, una rendici\u00f3n de cuentas efectiva, \u201cas\u00ed como de continuar impulsando las acciones necesarias para garantizar los est\u00e1ndares internacionales en materia de derechos humanos.\u201d<\/p>\n<p style=\"text-align: justify;\">Durante la sesi\u00f3n diversos pa\u00edses Miembros y Observadores del Consejo de Derechos Humanos saludaron la aceptaci\u00f3n de la amplia mayor\u00eda de las recomendaciones planteadas, destacando el esp\u00edritu positivo con el cual el Per\u00fa particip\u00f3 en el EPU, una revisi\u00f3n entre pares sobre el estado de los derechos humanos en todos los pa\u00edses del mundo.<\/p>\n<p style=\"text-align: justify;\">Tambi\u00e9n intervinieron en el debate representantes de organizaciones de sociedad civil, emitiendo observaciones respecto de una variedad de temas, incluyendo el estado de los derechos de las personas en situaci\u00f3n de vulnerabilidad, las recientes protestas sociales y la institucionalidad democr\u00e1tica en el Per\u00fa<\/p>\n<p style=\"text-align: justify;\">Particip\u00f3, adem\u00e1s de funcionarios de la Misi\u00f3n Permanente del Per\u00fa en Ginebra, de manera remota, una delegaci\u00f3n conformada de representantes del Ministerio de Justicia y Derechos Humanos, la Fiscal\u00eda de la Naci\u00f3n, el Ministerio de Relaciones Exteriores, entre otros, a fin de dar seguimiento a los temas abordados y con miras a iniciar la tarea nacional de implementaci\u00f3n de las recomendaciones aceptadas.<\/p>\n<p style=\"text-align: justify;\">El Embajador Luis Chuquihuara, Representante Permanente del Per\u00fa en Ginebra, recalc\u00f3 que la abrumadora aceptaci\u00f3n peruana de las recomendaciones de su cuarto EPU constitu\u00eda una clara muestra del compromiso del Estado Peruano para continuar reforzando el pleno disfrute de los derechos humanos de todas las personas, sin distinci\u00f3n. Al cierre de la sesi\u00f3n, el representante peruano recibi\u00f3 las felicitaciones del Presidente del Consejo de Derechos Humanos, Embajador V\u00e1clav B\u00e1lek, de Rep\u00fablica Checa, por la exitosa conclusi\u00f3n del cuarto EPU del Per\u00fa.<\/p>\n<p style=\"text-align: justify;\">Ginebra, 7 de julio de 2023.<\/p>\n","protected":false},"excerpt":{"rendered":"<p>Ministro de Justicia y Derechos Humanos, Daniel Maurate, reafirma compromiso del Per\u00fa con derechos humanos durante adopci\u00f3n del examen peri\u00f3dico universal del Per\u00fa en Consejo de Derechos Humanos de la<span class=\"excerpt-hellip\"> [\u2026]<\/span><\/p>\n","protected":false},"author":1,"featured_media":9628,"comment_status":"open","ping_status":"open","sticky":false,"template":"","format":"image","meta":{"rs_blank_template":"","rs_page_bg_color":"","slide_template_v7":"","inline_featured_image":false,"footnotes":""},"categories":[56,29],"tags":[143,137],"class_list":["post-9635","post","type-post","status-publish","format-image","has-post-thumbnail","hentry","category-derechos-humanos","category-noticias","tag-143","tag-derechos-humanos","post_format-post-format-image"],"_links":{"self":[{"href":"https:\/\/www.chuquihuara.com\/gva\/index.php?rest_route=\/wp\/v2\/posts\/9635","targetHints":{"allow":["GET"]}}],"collection":[{"href":"https:\/\/www.chuquihuara.com\/gva\/index.php?rest_route=\/wp\/v2\/posts"}],"about":[{"href":"https:\/\/www.chuquihuara.com\/gva\/index.php?rest_route=\/wp\/v2\/types\/post"}],"author":[{"embeddable":true,"href":"https:\/\/www.chuquihuara.com\/gva\/index.php?rest_route=\/wp\/v2\/users\/1"}],"replies":[{"embeddable":true,"href":"https:\/\/www.chuquihuara.com\/gva\/index.php?rest_route=%2Fwp%2Fv2%2Fcomments&post=9635"}],"version-history":[{"count":0,"href":"https:\/\/www.chuquihuara.com\/gva\/index.php?rest_route=\/wp\/v2\/posts\/9635\/revisions"}],"wp:featuredmedia":[{"embeddable":true,"href":"https:\/\/www.chuquihuara.com\/gva\/index.php?rest_route=\/wp\/v2\/media\/9628"}],"wp:attachment":[{"href":"https:\/\/www.chuquihuara.com\/gva\/index.php?rest_route=%2Fwp%2Fv2%2Fmedia&parent=9635"}],"wp:term":[{"taxonomy":"category","embeddable":true,"href":"https:\/\/www.chuquihuara.com\/gva\/index.php?rest_route=%2Fwp%2Fv2%2Fcategories&post=9635"},{"taxonomy":"post_tag","embeddable":true,"href":"https:\/\/www.chuquihuara.com\/gva\/index.php?rest_route=%2Fwp%2Fv2%2Ftags&post=9635"}],"curies":[{"name":"wp","href":"https:\/\/api.w.org\/{rel}","templated":true}]}}