{"id":9284,"date":"2023-05-19T20:53:50","date_gmt":"2023-05-19T18:53:50","guid":{"rendered":"https:\/\/www.onuperu.org\/?p=9284"},"modified":"2023-05-25T21:07:59","modified_gmt":"2023-05-25T19:07:59","slug":"segunda-reunion-del-grupo-de-expertos-gubernamentales-sobre-armas-autonomas-letales-ginebra-15-19-de-mayo-de-2023","status":"publish","type":"post","link":"https:\/\/www.chuquihuara.com\/gva\/?p=9284","title":{"rendered":"Segunda reuni\u00f3n del Grupo de Expertos Gubernamentales sobre Armas Aut\u00f3nomas Letales (Ginebra 15 &#8211; 19 de mayo de 2023)"},"content":{"rendered":"<h4 style=\"text-align: center;\"><strong>Exitosa culminaci\u00f3n de la participaci\u00f3n peruana <\/strong><\/h4>\n<h4><strong>Nota de Prensa<\/strong><\/h4>\n<p style=\"text-align: justify;\">El Per\u00fa culmin\u00f3 su participaci\u00f3n en la segunda reuni\u00f3n de 2023 del Grupo de Expertos Gubernamentales sobre las Tecnolog\u00edas Emergentes en el \u00c1mbito de los Sistemas de Armas Aut\u00f3nomas Letales -en el marco de la Convenci\u00f3n sobre Ciertas Armas Convencionales (CCAC)-, llevada a cabo en Ginebra del 15 al 19 de mayo de 2023, cuyo objetivo es intensificar la consideraci\u00f3n de propuestas y elaborar el marco normativo y operacional relativo a dichos sistemas de armas.<\/p>\n<p style=\"text-align: justify;\">En el encuentro intergubernamental, el Per\u00fa se asoci\u00f3 a una declaraci\u00f3n conjunta de 52 pa\u00edses de varias regiones en la que se acogi\u00f3 con benepl\u00e1cito el proyecto de informe del Presidente del Grupo de Expertos, Embajador Flavio Damico (Brasil), al tiempo de reiterar su llamamiento a zanjar diferencias hacia la adopci\u00f3n de un instrumento juri\u0301dicamente vinculante, con base en el derecho internacional humanitario, y mediante un conjunto de prohibiciones y regulaciones.<\/p>\n<p style=\"text-align: justify;\">El Embajador Luis Chuquihuara, Representante Permanente del Per\u00fa ante los Organismos Internacionales en Ginebra, resalt\u00f3 que, a pesar de las dificultades en el contexto geopol\u00edtico actual, el Grupo de Expertos Gubernamentales haya conseguido aprobar un informe, lo que refleja un ligero avance en el proceso. Sin embargo, lament\u00f3 igualmente que el Grupo de Expertos no haya logrado un resultado m\u00e1s robusto, con prohibiciones y regulaciones claras, y que haya postergado la decision sobre el futuro mandato y modalidades del referido Grupo de Expertos.<\/p>\n<p style=\"text-align: justify;\">La Convenci\u00f3n sobre ciertas Armas Convencionales, de la que el Per\u00fa es parte, tiene por objeto prohibir, o restringir, el uso de ciertas armas convencionales que se consideren excesivamente nocivas o cuyos efectos son indiscriminados. En virtud de ella, el Per\u00fa contin\u00faa desplegando sus esfuerzos para la prohibici\u00f3n o restricci\u00f3n del empleo de ciertas armas espec\u00edficas, de conformidad con los principios y normas del derecho internacional humanitario.<\/p>\n<p style=\"text-align: justify;\">La delegaci\u00f3n peruana estuvo presidida por el Embajador Luis Chuquihuara, e integrada por la Embajadora Romy Tincopa, Representante Permanente Alterna, el Director de Seguridad y Defensa del Ministerio de Relaciones Exteriores, <strong>Ministro Gonzalo Voto Bernales,<\/strong> y el <strong>Consejero Angel Horna,<\/strong> funcionario para asuntos de desarme de la Representaci\u00f3n Permanente.<\/p>\n<p style=\"text-align: justify;\">Ginebra, 19 de mayo de 2023<\/p>\n<p>&nbsp;<\/p>\n<hr \/>\n<h4><strong>Galer\u00eda de fotos<\/strong><\/h4>\n\n\t\t\t<style type='text\/css'>\n\t\t\t\t#sc_gallery-1 {\n\t\t\t\t\tmargin: auto;\n\t\t\t\t}\n\t\t\t\t#sc_gallery-1 .gallery-item {\n\t\t\t\t\tfloat: left;\n\t\t\t\t\ttext-align: center;\n\t\t\t\t\twidth: 49.99%;\n\t\t\t\t}\n\t\t\t\t#sc_gallery-1 img {\n\t\t\t\t\tborder: 2px solid #cfcfcf;\n\t\t\t\t}\n\t\t\t\t\/* see sc_gallery() in functions\/theme-shortcodes.php *\/\n\t\t\t<\/style>\n\t\t<div id='sc_gallery-1' class='gallery galleryid-9284 gallery-columns-2 gallery-size-full file element_classes gallery-default'><dl class='gallery-item'  data-title='Segunda reuni\u00f3n del Grupo de Expertos Gubernamentales sobre Armas Aut\u00f3nomas Letales - 1' data-description=''><div class='gallery-item-wrapper'>\n\t\t\t\t<dt class='gallery-icon landscape'>\n\t\t\t\t\t<a href='https:\/\/www.chuquihuara.com\/gva\/wp-content\/uploads\/2023\/05\/Segunda-reunion-del-Grupo-de-Expertos-Gubernamentales-sobre-Armas-Autonomas-Letales-1.jpg'><img loading=\"lazy\" decoding=\"async\" width=\"1080\" height=\"720\" src=\"https:\/\/www.chuquihuara.com\/gva\/wp-content\/uploads\/2023\/05\/Segunda-reunion-del-Grupo-de-Expertos-Gubernamentales-sobre-Armas-Autonomas-Letales-1.jpg\" class=\"attachment-full size-full\" alt=\"\" srcset=\"https:\/\/www.chuquihuara.com\/gva\/wp-content\/uploads\/2023\/05\/Segunda-reunion-del-Grupo-de-Expertos-Gubernamentales-sobre-Armas-Autonomas-Letales-1.jpg 1080w, https:\/\/www.chuquihuara.com\/gva\/wp-content\/uploads\/2023\/05\/Segunda-reunion-del-Grupo-de-Expertos-Gubernamentales-sobre-Armas-Autonomas-Letales-1-300x200.jpg 300w, https:\/\/www.chuquihuara.com\/gva\/wp-content\/uploads\/2023\/05\/Segunda-reunion-del-Grupo-de-Expertos-Gubernamentales-sobre-Armas-Autonomas-Letales-1-768x512.jpg 768w, https:\/\/www.chuquihuara.com\/gva\/wp-content\/uploads\/2023\/05\/Segunda-reunion-del-Grupo-de-Expertos-Gubernamentales-sobre-Armas-Autonomas-Letales-1-219x146.jpg 219w, https:\/\/www.chuquihuara.com\/gva\/wp-content\/uploads\/2023\/05\/Segunda-reunion-del-Grupo-de-Expertos-Gubernamentales-sobre-Armas-Autonomas-Letales-1-50x33.jpg 50w, https:\/\/www.chuquihuara.com\/gva\/wp-content\/uploads\/2023\/05\/Segunda-reunion-del-Grupo-de-Expertos-Gubernamentales-sobre-Armas-Autonomas-Letales-1-113x75.jpg 113w, https:\/\/www.chuquihuara.com\/gva\/wp-content\/uploads\/2023\/05\/Segunda-reunion-del-Grupo-de-Expertos-Gubernamentales-sobre-Armas-Autonomas-Letales-1-480x320.jpg 480w\" sizes=\"auto, (max-width:767px) 480px, (max-width:1080px) 100vw, 1080px\" \/><\/a>\n\t\t\t\t<\/dt><\/div><\/dl><dl class='gallery-item'  data-title='Segunda reuni\u00f3n del Grupo de Expertos Gubernamentales sobre Armas Aut\u00f3nomas Letales - 2' data-description=''><div class='gallery-item-wrapper'>\n\t\t\t\t<dt class='gallery-icon landscape'>\n\t\t\t\t\t<a href='https:\/\/www.chuquihuara.com\/gva\/wp-content\/uploads\/2023\/05\/Segunda-reunion-del-Grupo-de-Expertos-Gubernamentales-sobre-Armas-Autonomas-Letales-2.jpg'><img loading=\"lazy\" decoding=\"async\" width=\"1080\" height=\"720\" src=\"https:\/\/www.chuquihuara.com\/gva\/wp-content\/uploads\/2023\/05\/Segunda-reunion-del-Grupo-de-Expertos-Gubernamentales-sobre-Armas-Autonomas-Letales-2.jpg\" class=\"attachment-full size-full\" alt=\"\" srcset=\"https:\/\/www.chuquihuara.com\/gva\/wp-content\/uploads\/2023\/05\/Segunda-reunion-del-Grupo-de-Expertos-Gubernamentales-sobre-Armas-Autonomas-Letales-2.jpg 1080w, https:\/\/www.chuquihuara.com\/gva\/wp-content\/uploads\/2023\/05\/Segunda-reunion-del-Grupo-de-Expertos-Gubernamentales-sobre-Armas-Autonomas-Letales-2-300x200.jpg 300w, https:\/\/www.chuquihuara.com\/gva\/wp-content\/uploads\/2023\/05\/Segunda-reunion-del-Grupo-de-Expertos-Gubernamentales-sobre-Armas-Autonomas-Letales-2-768x512.jpg 768w, https:\/\/www.chuquihuara.com\/gva\/wp-content\/uploads\/2023\/05\/Segunda-reunion-del-Grupo-de-Expertos-Gubernamentales-sobre-Armas-Autonomas-Letales-2-219x146.jpg 219w, https:\/\/www.chuquihuara.com\/gva\/wp-content\/uploads\/2023\/05\/Segunda-reunion-del-Grupo-de-Expertos-Gubernamentales-sobre-Armas-Autonomas-Letales-2-50x33.jpg 50w, https:\/\/www.chuquihuara.com\/gva\/wp-content\/uploads\/2023\/05\/Segunda-reunion-del-Grupo-de-Expertos-Gubernamentales-sobre-Armas-Autonomas-Letales-2-113x75.jpg 113w, https:\/\/www.chuquihuara.com\/gva\/wp-content\/uploads\/2023\/05\/Segunda-reunion-del-Grupo-de-Expertos-Gubernamentales-sobre-Armas-Autonomas-Letales-2-480x320.jpg 480w\" sizes=\"auto, (max-width:767px) 480px, (max-width:1080px) 100vw, 1080px\" \/><\/a>\n\t\t\t\t<\/dt><\/div><\/dl><br style=\"clear: both\" \/>\n\t\t\t<\/div>\n\n","protected":false},"excerpt":{"rendered":"<p>Exitosa culminaci\u00f3n de la participaci\u00f3n peruana Nota de Prensa El Per\u00fa culmin\u00f3 su participaci\u00f3n en la segunda reuni\u00f3n de 2023 del Grupo de Expertos Gubernamentales sobre las Tecnolog\u00edas Emergentes en<span class=\"excerpt-hellip\"> [\u2026]<\/span><\/p>\n","protected":false},"author":1,"featured_media":9287,"comment_status":"open","ping_status":"open","sticky":false,"template":"","format":"image","meta":{"rs_blank_template":"","rs_page_bg_color":"","slide_template_v7":"","inline_featured_image":false,"footnotes":""},"categories":[68,29],"tags":[143,121],"class_list":["post-9284","post","type-post","status-publish","format-image","has-post-thumbnail","hentry","category-desarme","category-noticias","tag-143","tag-desarme","post_format-post-format-image"],"_links":{"self":[{"href":"https:\/\/www.chuquihuara.com\/gva\/index.php?rest_route=\/wp\/v2\/posts\/9284","targetHints":{"allow":["GET"]}}],"collection":[{"href":"https:\/\/www.chuquihuara.com\/gva\/index.php?rest_route=\/wp\/v2\/posts"}],"about":[{"href":"https:\/\/www.chuquihuara.com\/gva\/index.php?rest_route=\/wp\/v2\/types\/post"}],"author":[{"embeddable":true,"href":"https:\/\/www.chuquihuara.com\/gva\/index.php?rest_route=\/wp\/v2\/users\/1"}],"replies":[{"embeddable":true,"href":"https:\/\/www.chuquihuara.com\/gva\/index.php?rest_route=%2Fwp%2Fv2%2Fcomments&post=9284"}],"version-history":[{"count":0,"href":"https:\/\/www.chuquihuara.com\/gva\/index.php?rest_route=\/wp\/v2\/posts\/9284\/revisions"}],"wp:featuredmedia":[{"embeddable":true,"href":"https:\/\/www.chuquihuara.com\/gva\/index.php?rest_route=\/wp\/v2\/media\/9287"}],"wp:attachment":[{"href":"https:\/\/www.chuquihuara.com\/gva\/index.php?rest_route=%2Fwp%2Fv2%2Fmedia&parent=9284"}],"wp:term":[{"taxonomy":"category","embeddable":true,"href":"https:\/\/www.chuquihuara.com\/gva\/index.php?rest_route=%2Fwp%2Fv2%2Fcategories&post=9284"},{"taxonomy":"post_tag","embeddable":true,"href":"https:\/\/www.chuquihuara.com\/gva\/index.php?rest_route=%2Fwp%2Fv2%2Ftags&post=9284"}],"curies":[{"name":"wp","href":"https:\/\/api.w.org\/{rel}","templated":true}]}}