{"id":8652,"date":"2023-02-15T21:17:21","date_gmt":"2023-02-15T20:17:21","guid":{"rendered":"https:\/\/www.onuperu.org\/?p=8652"},"modified":"2023-02-15T21:17:21","modified_gmt":"2023-02-15T20:17:21","slug":"el-peru-inicia-sus-labores-como-relator-de-la-mesa-del-consejo-de-la-organizacion-internacional-para-las-migraciones","status":"publish","type":"post","link":"https:\/\/www.chuquihuara.com\/gva\/?p=8652","title":{"rendered":"El Per\u00fa inicia sus labores como relator de la Mesa del Consejo de la Organizaci\u00f3n Internacional para las Migraciones"},"content":{"rendered":"<h4 style=\"text-align: justify;\"><strong><img loading=\"lazy\" decoding=\"async\" class=\"aligncenter wp-image-8655 size-full\" src=\"https:\/\/www.onuperu.org\/wp-content\/uploads\/2023\/02\/OIM.jpg\" alt=\"\" width=\"602\" height=\"295\" srcset=\"https:\/\/www.chuquihuara.com\/gva\/wp-content\/uploads\/2023\/02\/OIM.jpg 602w, https:\/\/www.chuquihuara.com\/gva\/wp-content\/uploads\/2023\/02\/OIM-300x147.jpg 300w, https:\/\/www.chuquihuara.com\/gva\/wp-content\/uploads\/2023\/02\/OIM-260x127.jpg 260w, https:\/\/www.chuquihuara.com\/gva\/wp-content\/uploads\/2023\/02\/OIM-50x25.jpg 50w, https:\/\/www.chuquihuara.com\/gva\/wp-content\/uploads\/2023\/02\/OIM-150x75.jpg 150w\" sizes=\"auto, (max-width:767px) 480px, 602px\" \/><\/strong><\/h4>\n<h4 style=\"text-align: justify;\"><strong>Nota de Prensa<\/strong><\/h4>\n<p style=\"text-align: justify;\">El pasado mi\u00e9rcoles 8 de febrero de 2023 se realiz\u00f3 la primera reuni\u00f3n del a\u00f1o de la Mesa del Consejo de la Organizaci\u00f3n Internacional para las Migraciones (OIM), lo que marc\u00f3 el inicio de la participaci\u00f3n del Per\u00fa en dicha instancia decisoria de la organizaci\u00f3n que culminar\u00e1 con la Presidencia del Per\u00fa en el Consejo el a\u00f1o 2026.<\/p>\n<p style=\"text-align: justify;\">La reuni\u00f3n fue presidida por el Presidente el Consejo, Embajador Lasana Gberie, de Sierra Leona, quien convoc\u00f3 al encuentro para dialogar respecto a las disposiciones que de adoptar\u00e1n para la elecci\u00f3n del nuevo o nueva Director(a) General de la OIM en el proceso de elecci\u00f3n que se realizar\u00e1 en una edici\u00f3n extraordinaria del Consejo en mayo del presente a\u00f1o.<\/p>\n<p style=\"text-align: justify;\">El Presidente del Consejo dio la bienvenida al representante peruano, Embajador Luis Chuquihuara, quien manifest\u00f3 la disposici\u00f3n del Per\u00fa en seguir colaborando con los objetivos de la OIM en favor de los migrantes m\u00e1s vulnerables. Asimismo, reiter\u00f3 el compromiso peruano con la responsabilidad recientemente asumida como miembro de la Mesa del Consejo en representaci\u00f3n de los pa\u00edses de Am\u00e9rica Latina y el Caribe.<\/p>\n<p style=\"text-align: justify;\">El Consejo de la OIM es la m\u00e1s alta autoridad y determina las pol\u00edticas de la Organizaci\u00f3n. Se re\u00fane una vez al a\u00f1o en sesi\u00f3n regular, y en ocasiones especiales a requerimiento de: un tercio de los miembros, el Director General o el Presidente del Consejo en circunstancias urgentes.<\/p>\n<p style=\"text-align: justify;\">Las principales funciones del Consejo, como establecido en la Constituci\u00f3n de la OIM, son: determinar, examinar y revisar las pol\u00edticas, programas y actividades de la Organizaci\u00f3n, revisar informes, aprobar y dirigir las actividades de cualquier \u00f3rgano subsidiario, aprobar y guiar las actividades e informes del Director General, revisar y aprobar el programa, el presupuesto, la ejecuci\u00f3n presupuestaria y las cuentas de la Organizaci\u00f3n, as\u00ed como cualquier otra acci\u00f3n adecuada para avanzar los objetivos de la Organizaci\u00f3n.<\/p>\n<p style=\"text-align: justify;\">Ginebra, 15 de febrero de 2023<\/p>\n","protected":false},"excerpt":{"rendered":"<p>Nota de Prensa El pasado mi\u00e9rcoles 8 de febrero de 2023 se realiz\u00f3 la primera reuni\u00f3n del a\u00f1o de la Mesa del Consejo de la Organizaci\u00f3n Internacional para las Migraciones<span class=\"excerpt-hellip\"> [\u2026]<\/span><\/p>\n","protected":false},"author":1,"featured_media":8656,"comment_status":"open","ping_status":"open","sticky":false,"template":"","format":"image","meta":{"rs_blank_template":"","rs_page_bg_color":"","slide_template_v7":"","inline_featured_image":false,"footnotes":""},"categories":[72,29],"tags":[143,114,113],"class_list":["post-8652","post","type-post","status-publish","format-image","has-post-thumbnail","hentry","category-migraciones","category-noticias","tag-143","tag-migraciones","tag-oim","post_format-post-format-image"],"_links":{"self":[{"href":"https:\/\/www.chuquihuara.com\/gva\/index.php?rest_route=\/wp\/v2\/posts\/8652","targetHints":{"allow":["GET"]}}],"collection":[{"href":"https:\/\/www.chuquihuara.com\/gva\/index.php?rest_route=\/wp\/v2\/posts"}],"about":[{"href":"https:\/\/www.chuquihuara.com\/gva\/index.php?rest_route=\/wp\/v2\/types\/post"}],"author":[{"embeddable":true,"href":"https:\/\/www.chuquihuara.com\/gva\/index.php?rest_route=\/wp\/v2\/users\/1"}],"replies":[{"embeddable":true,"href":"https:\/\/www.chuquihuara.com\/gva\/index.php?rest_route=%2Fwp%2Fv2%2Fcomments&post=8652"}],"version-history":[{"count":0,"href":"https:\/\/www.chuquihuara.com\/gva\/index.php?rest_route=\/wp\/v2\/posts\/8652\/revisions"}],"wp:featuredmedia":[{"embeddable":true,"href":"https:\/\/www.chuquihuara.com\/gva\/index.php?rest_route=\/wp\/v2\/media\/8656"}],"wp:attachment":[{"href":"https:\/\/www.chuquihuara.com\/gva\/index.php?rest_route=%2Fwp%2Fv2%2Fmedia&parent=8652"}],"wp:term":[{"taxonomy":"category","embeddable":true,"href":"https:\/\/www.chuquihuara.com\/gva\/index.php?rest_route=%2Fwp%2Fv2%2Fcategories&post=8652"},{"taxonomy":"post_tag","embeddable":true,"href":"https:\/\/www.chuquihuara.com\/gva\/index.php?rest_route=%2Fwp%2Fv2%2Ftags&post=8652"}],"curies":[{"name":"wp","href":"https:\/\/api.w.org\/{rel}","templated":true}]}}