{"id":7796,"date":"2022-12-01T10:41:24","date_gmt":"2022-12-01T09:41:24","guid":{"rendered":"https:\/\/www.onuperu.org\/?p=7796"},"modified":"2022-12-16T20:14:58","modified_gmt":"2022-12-16T19:14:58","slug":"estados-miembros-de-la-organizacion-internacional-para-las-migraciones-reconocen-activo-rol-del-peru","status":"publish","type":"post","link":"https:\/\/www.chuquihuara.com\/gva\/?p=7796","title":{"rendered":"Estados miembros de la Organizaci\u00f3n Internacional para las Migraciones reconocen activo rol del Per\u00fa"},"content":{"rendered":"<div class=\"institution-document\">\n<div class=\"header institution-document__header black\">\n<h4><strong>Nota de prensa<\/strong><\/h4>\n<\/div>\n<\/div>\n<section class=\"body\">\n<div class=\"row\">\n<div class=\"col-md-12\">\n<div class=\"description\">\n<p style=\"text-align: justify;\">Del 29 de noviembre al 2 de diciembre se realiz\u00f3 en Ginebra la 113\u00aa reuni\u00f3n del Consejo de la Organizaci\u00f3n Internacional para las Migraciones (OIM). La delegaci\u00f3n peruana estuvo presidida por el Ministro de Relaciones Exteriores, C\u00e9sar Landa, e integrada por el Embajador Luis Chuquihuara; la Ministra Romy Tincopa; y el Segundo Secretario Juan Carlos Pomareda.<\/p>\n<p style=\"text-align: justify;\">Al iniciarse la sesi\u00f3n, el Per\u00fa fue elegido relator de la Mesa de la OIM, posici\u00f3n que ocupar\u00e1 por el periodo 2022 &#8211; 2023 para posteriormente ocupar las primera y segunda vicepresidencia, sucesivamente, y luego asumir la Presidencia del Consejo de la OIM. La elecci\u00f3n del Per\u00fa tuvo el respaldo de los pa\u00edses de la regi\u00f3n de Latinoam\u00e9rica y el Caribe y fue resultado del reconocimiento de los Estados Miembro al compromiso peruano con la organizaci\u00f3n.<\/p>\n<p style=\"text-align: justify;\">El Ministro de Relaciones Exteriores particip\u00f3 en el segmento de alto nivel de la reuni\u00f3n que trat\u00f3 sobre los efectos del cambio clim\u00e1tico en la migraci\u00f3n. En su mensaje destac\u00f3 la atenci\u00f3n que el Per\u00fa brinda como pa\u00eds al incremento de los flujos migratorios, con el firme prop\u00f3sito de defender la dignidad y los derechos humanos de los migrantes y promover su inserci\u00f3n social y econ\u00f3mica.<\/p>\n<p style=\"text-align: justify;\">Adem\u00e1s, mencion\u00f3 que el Per\u00fa ha buscado avanzar en el fortalecimiento de la reparaci\u00f3n y respuesta ante desastres naturales, especialmente en la transversalizaci\u00f3n de la gesti\u00f3n de riesgos en las pol\u00edticas p\u00fablicas, en un contexto en el que los factores ambientales se conjugan con procesos econ\u00f3micos, sociales y pol\u00edticos a la hora de influir e impactar en los flujos migratorios.<\/p>\n<p style=\"text-align: justify;\">Por su parte, el Representante Permanente del Per\u00fa en Ginebra, Embajador Luis Chuquihuara, destac\u00f3 el activo rol que el Estado peruano desarrolla en foros internacionales relacionados a la tem\u00e1tica migratoria como respuesta a las nuevas corrientes de movilidad humana que han convertido al Per\u00fa en un pa\u00eds de destino y tr\u00e1nsito de migrantes, lo que plantea nuevos desaf\u00edos de gesti\u00f3n desde una perspectiva regional y global.<\/p>\n<p style=\"text-align: justify;\">Finalmente, la delegaci\u00f3n peruana reiter\u00f3 la reiterada disposici\u00f3n del Per\u00fa en favor de la implementaci\u00f3n del Pacto Mundial para la Migraci\u00f3n y agradeci\u00f3 el constante apoyo de la OIM para la atenci\u00f3n del registro y regularizaci\u00f3n de los migrantes en nuestro pa\u00eds.<\/p>\n<p style=\"text-align: justify;\">El Consejo de la OIM es la m\u00e1s alta instancia de decisi\u00f3n que determina las pol\u00edticas de la Organizaci\u00f3n. Se re\u00fane una vez al a\u00f1o en sesi\u00f3n regular y en ocasiones especiales por circunstancias excepcionales.<\/p>\n<p>Ginebra, 1 de diciembre de 2022<\/p>\n<p>&nbsp;<\/p>\n<hr \/>\n<h4><strong>Galer\u00eda de fotos<\/strong><\/h4>\n\n\t\t\t<style type='text\/css'>\n\t\t\t\t#sc_gallery-1 {\n\t\t\t\t\tmargin: auto;\n\t\t\t\t}\n\t\t\t\t#sc_gallery-1 .gallery-item {\n\t\t\t\t\tfloat: left;\n\t\t\t\t\ttext-align: center;\n\t\t\t\t\twidth: 49.99%;\n\t\t\t\t}\n\t\t\t\t#sc_gallery-1 img {\n\t\t\t\t\tborder: 2px solid #cfcfcf;\n\t\t\t\t}\n\t\t\t\t\/* see sc_gallery() in functions\/theme-shortcodes.php *\/\n\t\t\t<\/style>\n\t\t<div id='sc_gallery-1' class='gallery galleryid-7796 gallery-columns-2 gallery-size-large file element_classes gallery-default'><dl class='gallery-item'  data-title='Estados miembros de la Organizaci\u00f3n Internacional para las Migraciones reconocen activo rol del Per\u00fa-2' data-description=''><div class='gallery-item-wrapper'>\n\t\t\t\t<dt class='gallery-icon landscape'>\n\t\t\t\t\t<a href='https:\/\/www.chuquihuara.com\/gva\/wp-content\/uploads\/2022\/12\/Estados-miembros-de-la-Organizacion-Internacional-para-las-Migraciones-reconocen-activo-rol-del-Peru-2.jpg'><img loading=\"lazy\" decoding=\"async\" width=\"1080\" height=\"720\" src=\"https:\/\/www.chuquihuara.com\/gva\/wp-content\/uploads\/2022\/12\/Estados-miembros-de-la-Organizacion-Internacional-para-las-Migraciones-reconocen-activo-rol-del-Peru-2.jpg\" class=\"attachment-large size-large\" alt=\"\" srcset=\"https:\/\/www.chuquihuara.com\/gva\/wp-content\/uploads\/2022\/12\/Estados-miembros-de-la-Organizacion-Internacional-para-las-Migraciones-reconocen-activo-rol-del-Peru-2.jpg 1080w, https:\/\/www.chuquihuara.com\/gva\/wp-content\/uploads\/2022\/12\/Estados-miembros-de-la-Organizacion-Internacional-para-las-Migraciones-reconocen-activo-rol-del-Peru-2-300x200.jpg 300w, https:\/\/www.chuquihuara.com\/gva\/wp-content\/uploads\/2022\/12\/Estados-miembros-de-la-Organizacion-Internacional-para-las-Migraciones-reconocen-activo-rol-del-Peru-2-768x512.jpg 768w, https:\/\/www.chuquihuara.com\/gva\/wp-content\/uploads\/2022\/12\/Estados-miembros-de-la-Organizacion-Internacional-para-las-Migraciones-reconocen-activo-rol-del-Peru-2-219x146.jpg 219w, https:\/\/www.chuquihuara.com\/gva\/wp-content\/uploads\/2022\/12\/Estados-miembros-de-la-Organizacion-Internacional-para-las-Migraciones-reconocen-activo-rol-del-Peru-2-50x33.jpg 50w, https:\/\/www.chuquihuara.com\/gva\/wp-content\/uploads\/2022\/12\/Estados-miembros-de-la-Organizacion-Internacional-para-las-Migraciones-reconocen-activo-rol-del-Peru-2-113x75.jpg 113w\" sizes=\"auto, (max-width:767px) 480px, (max-width:1080px) 100vw, 1080px\" \/><\/a>\n\t\t\t\t<\/dt><\/div><\/dl><dl class='gallery-item'  data-title='Estados miembros de la Organizaci\u00f3n Internacional para las Migraciones reconocen activo rol del Per\u00fa-1' data-description=''><div class='gallery-item-wrapper'>\n\t\t\t\t<dt class='gallery-icon landscape'>\n\t\t\t\t\t<a href='https:\/\/www.chuquihuara.com\/gva\/wp-content\/uploads\/2022\/12\/Estados-miembros-de-la-Organizacion-Internacional-para-las-Migraciones-reconocen-activo-rol-del-Peru-1.jpg'><img loading=\"lazy\" decoding=\"async\" width=\"1080\" height=\"720\" src=\"https:\/\/www.chuquihuara.com\/gva\/wp-content\/uploads\/2022\/12\/Estados-miembros-de-la-Organizacion-Internacional-para-las-Migraciones-reconocen-activo-rol-del-Peru-1.jpg\" class=\"attachment-large size-large\" alt=\"\" srcset=\"https:\/\/www.chuquihuara.com\/gva\/wp-content\/uploads\/2022\/12\/Estados-miembros-de-la-Organizacion-Internacional-para-las-Migraciones-reconocen-activo-rol-del-Peru-1.jpg 1080w, https:\/\/www.chuquihuara.com\/gva\/wp-content\/uploads\/2022\/12\/Estados-miembros-de-la-Organizacion-Internacional-para-las-Migraciones-reconocen-activo-rol-del-Peru-1-300x200.jpg 300w, https:\/\/www.chuquihuara.com\/gva\/wp-content\/uploads\/2022\/12\/Estados-miembros-de-la-Organizacion-Internacional-para-las-Migraciones-reconocen-activo-rol-del-Peru-1-768x512.jpg 768w, https:\/\/www.chuquihuara.com\/gva\/wp-content\/uploads\/2022\/12\/Estados-miembros-de-la-Organizacion-Internacional-para-las-Migraciones-reconocen-activo-rol-del-Peru-1-219x146.jpg 219w, https:\/\/www.chuquihuara.com\/gva\/wp-content\/uploads\/2022\/12\/Estados-miembros-de-la-Organizacion-Internacional-para-las-Migraciones-reconocen-activo-rol-del-Peru-1-50x33.jpg 50w, https:\/\/www.chuquihuara.com\/gva\/wp-content\/uploads\/2022\/12\/Estados-miembros-de-la-Organizacion-Internacional-para-las-Migraciones-reconocen-activo-rol-del-Peru-1-113x75.jpg 113w\" sizes=\"auto, (max-width:767px) 480px, (max-width:1080px) 100vw, 1080px\" \/><\/a>\n\t\t\t\t<\/dt><\/div><\/dl><br style=\"clear: both\" \/>\n\t\t\t<\/div>\n\n<\/div>\n<\/div>\n<\/div>\n<\/section>\n","protected":false},"excerpt":{"rendered":"<p>Nota de prensa Del 29 de noviembre al 2 de diciembre se realiz\u00f3 en Ginebra la 113\u00aa reuni\u00f3n del Consejo de la Organizaci\u00f3n Internacional para las Migraciones (OIM). La delegaci\u00f3n<span class=\"excerpt-hellip\"> [\u2026]<\/span><\/p>\n","protected":false},"author":1,"featured_media":7802,"comment_status":"open","ping_status":"open","sticky":false,"template":"","format":"image","meta":{"rs_blank_template":"","rs_page_bg_color":"","slide_template_v7":"","inline_featured_image":false,"footnotes":""},"categories":[72,29],"tags":[117,114],"class_list":["post-7796","post","type-post","status-publish","format-image","has-post-thumbnail","hentry","category-migraciones","category-noticias","tag-117","tag-migraciones","post_format-post-format-image"],"_links":{"self":[{"href":"https:\/\/www.chuquihuara.com\/gva\/index.php?rest_route=\/wp\/v2\/posts\/7796","targetHints":{"allow":["GET"]}}],"collection":[{"href":"https:\/\/www.chuquihuara.com\/gva\/index.php?rest_route=\/wp\/v2\/posts"}],"about":[{"href":"https:\/\/www.chuquihuara.com\/gva\/index.php?rest_route=\/wp\/v2\/types\/post"}],"author":[{"embeddable":true,"href":"https:\/\/www.chuquihuara.com\/gva\/index.php?rest_route=\/wp\/v2\/users\/1"}],"replies":[{"embeddable":true,"href":"https:\/\/www.chuquihuara.com\/gva\/index.php?rest_route=%2Fwp%2Fv2%2Fcomments&post=7796"}],"version-history":[{"count":0,"href":"https:\/\/www.chuquihuara.com\/gva\/index.php?rest_route=\/wp\/v2\/posts\/7796\/revisions"}],"wp:featuredmedia":[{"embeddable":true,"href":"https:\/\/www.chuquihuara.com\/gva\/index.php?rest_route=\/wp\/v2\/media\/7802"}],"wp:attachment":[{"href":"https:\/\/www.chuquihuara.com\/gva\/index.php?rest_route=%2Fwp%2Fv2%2Fmedia&parent=7796"}],"wp:term":[{"taxonomy":"category","embeddable":true,"href":"https:\/\/www.chuquihuara.com\/gva\/index.php?rest_route=%2Fwp%2Fv2%2Fcategories&post=7796"},{"taxonomy":"post_tag","embeddable":true,"href":"https:\/\/www.chuquihuara.com\/gva\/index.php?rest_route=%2Fwp%2Fv2%2Ftags&post=7796"}],"curies":[{"name":"wp","href":"https:\/\/api.w.org\/{rel}","templated":true}]}}