{"id":5793,"date":"2022-07-28T21:12:32","date_gmt":"2022-07-28T19:12:32","guid":{"rendered":"https:\/\/www.onuperu.org\/?p=5793"},"modified":"2022-07-28T21:19:03","modified_gmt":"2022-07-28T19:19:03","slug":"mensaje-del-ministro-de-relaciones-exteriores-del-peru-cesar-landa-arroyo-a-la-comunidad-internacional-en-ginebra-al-conmemorarse-el-201-aniversario-de-la-independencia-nacional","status":"publish","type":"post","link":"https:\/\/www.chuquihuara.com\/gva\/?p=5793","title":{"rendered":"Mensaje del Ministro de Relaciones Exteriores del Per\u00fa C\u00e9sar Landa Arroyo a la comunidad internacional en Ginebra al conmemorarse el 201 Aniversario de la Independencia Nacional"},"content":{"rendered":"<p style=\"text-align: justify;\">Hoy 28 de julio el Per\u00fa conmemora el 201 aniversario de su Independencia Nacional. Valga la ocasi\u00f3n para extender nuestro saludo a los Organizaciones de Naciones Unidas y otros organismos internacionales con sede en Ginebra, as\u00ed como a las Representaciones Permanentes de todos los pa\u00edses en esa capital europea del multilateralismo.<\/p>\n<p style=\"text-align: justify;\">Atravesamos una coyuntura internacional post pandemia cr\u00edtica y compleja, enmarcada en una polarizaci\u00f3n pol\u00edtica que afecta la situaci\u00f3n de los derechos humanos, y una crisis econ\u00f3mica que ha elevado los precios de los alimentos, de los fertilizantes, de la energ\u00eda y de los costos financieros. A todo ello, se suma los significativos impactos producidos por el cambio clim\u00e1tico. Esta situaci\u00f3n genera desaf\u00edos may\u00fasculos para la comunidad internacional.<\/p>\n<p style=\"text-align: justify;\">En este contexto, perm\u00edtanme confirmar ante ustedes la vocaci\u00f3n del Per\u00fa por la paz, el di\u00e1logo y el fortalecimiento del multilateralismo, en consonancia con los principios y prop\u00f3sitos de la Carta de las Naciones Unidas, como el medio m\u00e1s id\u00f3neo para abordar estos desaf\u00edos globales.<\/p>\n<p style=\"text-align: justify;\">En febrero de este a\u00f1o visit\u00e9 Ginebra para promover las prioridades del Per\u00fa y fortalecer la cooperaci\u00f3n con diversos organismos internacionales. Tuve la oportunidad de dirigirme a la Conferencia de Desarme y al Consejo de Derechos Humanos de las Naciones Unidas reunido en su 49\u00a0Periodo de Sesiones.<\/p>\n<p style=\"text-align: justify;\">Asimismo, sostuve una serie de reuniones de trabajo con la Alta Comisionada de las Naciones Unidas para los Derechos Humanos, as\u00ed como con los Directores Generales de la Organizaci\u00f3n Mundial de la Salud (OMS), de la Organizaci\u00f3n Mundial del Comercio (OMC), de la Organizaci\u00f3n Mundial de la Propiedad Intelectual (OMPI), de la Organizaci\u00f3n Internacional de las Migraciones y de la Oficina del Alto Comisionado para los Refugiados (ACNUR). Adem\u00e1s, sostuve un encuentro con la Secretaria General de la UNCTAD y con el Presidente del Foro Econ\u00f3mico Mundial, m\u00e1s conocido como el Foro de Davos.<\/p>\n<p style=\"text-align: justify;\">En el presente mes de julio, se concretaron las visitas oficiales al Per\u00fa de la Alta Comisionada de las Naciones Unidas par a los Derechos Humanos, Michelle Bachelet, y de la Secretaria General de la\u00a0UNCTAD, Rebeca Grynspan. Asimismo, se recibi\u00f3 la visita a nuestro pa\u00eds del Director General de la Organizaci\u00f3n Internacional del Trabajo (OIT), Guy Ryder. Cabe precisar que en octubre se concretar\u00e1 la visita al Per\u00fa del DG de la OMPI, Daren Tang, de car\u00e1cter bilateral, y para participar de la Reuni\u00f3n Regional de Jefes de Oficinas de Propiedad Intelectual de Am\u00e9rica Latina. Asimismo, se espera que antes de fin de a\u00f1o se pueda concretar la visita de la Directora General de la OMC, Ngozi Okonjo- Iweala.<\/p>\n<p style=\"text-align: justify;\">La visita de la Alta Comisionada Bachelet permiti\u00f3 conocer los avances y los retos en materia de Derechos Humanos en el pa\u00eds. Igualmente, propici\u00f3 un amplio di\u00e1logo entre los diferentes actores nacionales\u00a0 sobre\u00a0 la\u00a0 relevancia\u00a0 de \u00a0promover y \u00a0defender\u00a0 los\u00a0 derechos\u00a0 humanos.\u00a0 Respecto \u00a0de \u00a0la UNCTAD, la visita de la se\u00f1ora Grynspan ampli\u00f3 las l\u00edneas de cooperaci\u00f3n con nuestro pa\u00eds para incorporar como beneficiarios a diversos actores peruanos del \u00e1rea social. Tambi\u00e9n permiti\u00f3 percibir de \u00a0mejor manera \u00a0c\u00f3mo\u00a0 esta \u00a0crisis econ\u00f3mica internacional \u201cimportada\u201d \u00a0afecta \u00a0a \u00a0los \u00a0pa\u00edses \u00a0en desarrollo, especialmente a los m\u00e1s vulnerables.<\/p>\n<p style=\"text-align: justify;\">De otro lado, es importante se\u00f1alar que el Per\u00fa juega tambi\u00e9n un importante rol promotor a nivel de la regi\u00f3n como coordinador del Grupo de Am\u00e9rica Latina y el Caribe en el Consejo de Derechos Humanos de la ONU. Desde esta posici\u00f3n, impulsa el di\u00e1logo y el entendimiento entre los pa\u00edses de la regi\u00f3n, para identificar convergencias que redunden a favor de los derechos de nuestras poblaciones.<\/p>\n<p style=\"text-align: justify;\">En febrero de este a\u00f1o, el Per\u00fa lider\u00f3 ante la V Asamblea del Programa de Naciones Unidas para el Medio Ambiente en Nairobi, el inicio de las negociaciones de un tratado internacional jur\u00eddicamente vinculante para acabar con la contaminaci\u00f3n pl\u00e1stica. Asimismo, el Per\u00fa aspira a ocupar la presidencia del Comit\u00e9 Intergubernamental de Negociaci\u00f3n de este importante instrumento, a trav\u00e9s del ex Ministro de Relaciones Exteriores, Embajador Gustavo Meza-Cuadra.<\/p>\n<p style=\"text-align: justify;\">En la OMS, el Per\u00fa es miembro del Consejo Ejecutivo, m\u00e1ximo \u00f3rgano pol\u00edtico donde se adoptan las decisiones para el funcionamiento de la organizaci\u00f3n y su relacionamiento con los Estados miembros. Igualmente participa en las negociaciones de un nuevo tratado internacional para prepararse y responder ante futuras pandemias, el cual deber\u00e1 abordar el problema de la inequidad en el acceso efectivo y oportuno a las vacunas.<\/p>\n<p style=\"text-align: justify;\">En la OIT, el Per\u00fa promueve el di\u00e1logo tripartito y el empleo decente y productivo. Asimismo, apoy\u00f3 la inclusi\u00f3n de la salud y la seguridad en el trabajo como principios fundamentales de la OIT. \u00a0Cabe precisar que el Per\u00fa ha depositado su instrumento de ratificaci\u00f3n del Convenio sobre Violencia y Acoso en el Trabajo, como un forma de luchar contra este flagelo.<\/p>\n<p style=\"text-align: justify;\">En la OIM, hemos ejercido en el primer semestre de este a\u00f1o el cargo de coordinador regional del Grupo de pa\u00edses de Am\u00e9rica Latina y el Caribe, promoviendo la adopci\u00f3n de la reforma presupuestaria de dicha entidad. Y en el ACNUR, se ha continuado el seguimiento a la evoluci\u00f3n del fen\u00f3meno de refugiados y migrantes en el Per\u00fa, favoreciendo las medidas para apoyar a las personas vulnerables y a las comunidades de acogida en nuestro pa\u00eds.<\/p>\n<p style=\"text-align: justify;\">En el plano econ\u00f3mico y comercial, me permito resaltar que el Per\u00fa logr\u00f3 mantener una presencia activa e importante en la reuni\u00f3n de mayo \u00faltimo del Foro de Davos, a trav\u00e9s de la participaci\u00f3n de la Vicepresidente de la Rep\u00fablica, del Ministro de Econom\u00eda y Finanzas y del suscrito, dando a conocer sus propuestas, visi\u00f3n y enfoque respecto del papel del Estado y de las empresas. Asimismo, se generaron oportunidades de inversi\u00f3n en el sector de finanzas digitales y construcci\u00f3n de infraestructura p\u00fablica.<\/p>\n<p style=\"text-align: justify;\">En la OMC, el Per\u00fa apoy\u00f3 la adopci\u00f3n de un Acuerdo sobre subsidios a la Pesca en la XII Conferencia Ministerial realizada en junio. Se trata de la primera vez que esta organizaci\u00f3n aborda aspectos medio ambientales evitando la depredaci\u00f3n de nuestros oc\u00e9anos. Tambi\u00e9n respaldamos la adopci\u00f3n de la excepci\u00f3n a las patentes de vacunas contra la COVUD 19 y el inicio de la reforma de la Organizaci\u00f3n. Debo destacar que nuestro pa\u00eds ocupa la Presidencia del Grupo de Trabajo de la OMC encargado de examinar\u00a0 la relaci\u00f3n existente entre el comercio y la transferencia\u00a0 de tecnolog\u00eda de los pa\u00edses desarrollados a los pa\u00edses en desarrollo.<\/p>\n<p style=\"text-align: justify;\">En la OMPI, hemos fomentado en la Asamblea Anual de julio, la innovaci\u00f3n y defendido la protecci\u00f3n de nuestros conocimientos tradicionales, recursos gen\u00e9ticos y denominaciones de origen, as\u00ed como la protecci\u00f3n de las patentes, marcas y dise\u00f1os industriales, a trav\u00e9s del dep\u00f3sito de cinco tratados que entrar\u00e1n en vigencia para nuestro pa\u00eds en los pr\u00f3ximos meses.<\/p>\n<p style=\"text-align: justify;\">Al conmemorar nuestra efem\u00e9rides patria, considero importante reafirmar el compromiso del Per\u00fa en favor de la gobernabilidad democr\u00e1tica, la protecci\u00f3n y promoci\u00f3n de los derechos humanos, la lucha contra la desigualdad y la pobreza, la libertad del comercio y la defensa del medio ambiente, principios y valores que coinciden con los de las Naciones Unidas y del multilateralismo.<\/p>\n<p style=\"text-align: justify;\">Frente a los desaf\u00edos globales y la dif\u00edcil coyuntura geopol\u00edtica actual, perm\u00edtanme concluir recordando las palabras de Javier P\u00e9rez de Cuellar, Secretario General de las Naciones Unidas entre 1982 y 1991: \u201cla paz debe ser una victoria sin vencedores ni vencidos\u201d.<\/p>\n<p style=\"text-align: justify;\">Lima, 28 de julio de 2022<\/p>\n<p><strong>C\u00e9sar Landa Arroyo<\/strong><br \/>\n<strong>Ministro de Relaciones Exteriores del Per\u00fa<\/strong><\/p>\n","protected":false},"excerpt":{"rendered":"<p>Hoy 28 de julio el Per\u00fa conmemora el 201 aniversario de su Independencia Nacional. Valga la ocasi\u00f3n para extender nuestro saludo a los Organizaciones de Naciones Unidas y otros organismos<span class=\"excerpt-hellip\"> [\u2026]<\/span><\/p>\n","protected":false},"author":1,"featured_media":5796,"comment_status":"open","ping_status":"open","sticky":false,"template":"","format":"image","meta":{"rs_blank_template":"","rs_page_bg_color":"","slide_template_v7":"","inline_featured_image":false,"footnotes":""},"categories":[29],"tags":[],"class_list":["post-5793","post","type-post","status-publish","format-image","has-post-thumbnail","hentry","category-noticias","post_format-post-format-image"],"_links":{"self":[{"href":"https:\/\/www.chuquihuara.com\/gva\/index.php?rest_route=\/wp\/v2\/posts\/5793","targetHints":{"allow":["GET"]}}],"collection":[{"href":"https:\/\/www.chuquihuara.com\/gva\/index.php?rest_route=\/wp\/v2\/posts"}],"about":[{"href":"https:\/\/www.chuquihuara.com\/gva\/index.php?rest_route=\/wp\/v2\/types\/post"}],"author":[{"embeddable":true,"href":"https:\/\/www.chuquihuara.com\/gva\/index.php?rest_route=\/wp\/v2\/users\/1"}],"replies":[{"embeddable":true,"href":"https:\/\/www.chuquihuara.com\/gva\/index.php?rest_route=%2Fwp%2Fv2%2Fcomments&post=5793"}],"version-history":[{"count":0,"href":"https:\/\/www.chuquihuara.com\/gva\/index.php?rest_route=\/wp\/v2\/posts\/5793\/revisions"}],"wp:featuredmedia":[{"embeddable":true,"href":"https:\/\/www.chuquihuara.com\/gva\/index.php?rest_route=\/wp\/v2\/media\/5796"}],"wp:attachment":[{"href":"https:\/\/www.chuquihuara.com\/gva\/index.php?rest_route=%2Fwp%2Fv2%2Fmedia&parent=5793"}],"wp:term":[{"taxonomy":"category","embeddable":true,"href":"https:\/\/www.chuquihuara.com\/gva\/index.php?rest_route=%2Fwp%2Fv2%2Fcategories&post=5793"},{"taxonomy":"post_tag","embeddable":true,"href":"https:\/\/www.chuquihuara.com\/gva\/index.php?rest_route=%2Fwp%2Fv2%2Ftags&post=5793"}],"curies":[{"name":"wp","href":"https:\/\/api.w.org\/{rel}","templated":true}]}}