{"id":5746,"date":"2022-07-27T18:00:58","date_gmt":"2022-07-27T16:00:58","guid":{"rendered":"https:\/\/www.onuperu.org\/?p=5746"},"modified":"2022-07-27T18:00:58","modified_gmt":"2022-07-27T16:00:58","slug":"exitosa-participacion-del-peru-en-63-serie-de-reuniones-de-asambleas-de-la-ompi","status":"publish","type":"post","link":"https:\/\/www.chuquihuara.com\/gva\/?p=5746","title":{"rendered":"Exitosa participaci\u00f3n del Per\u00fa en 63 serie de reuniones de Asambleas de la OMPI"},"content":{"rendered":"<ul>\n<li>\n<h5><strong><em>El Per\u00fa deposit\u00f3 5 instrumentos relativos a la propiedad intelectual, incluyendo los 4 tratados de clasificaci\u00f3n y el Acta de Ginebra del Arreglo de Lisboa<\/em><\/strong><\/h5>\n<\/li>\n<li>\n<h5><strong><em>Se aprob\u00f3 adem\u00e1s la convocatoria a dos Conferencias Diplom\u00e1ticas para concluir tratados sobre derecho de los dise\u00f1os, y sobre la propiedad intelectual y los recursos gen\u00e9ticos.<\/em><\/strong><\/h5>\n<\/li>\n<\/ul>\n<h4><strong>Nota de prensa<\/strong><\/h4>\n<p style=\"text-align: justify;\">La delegaci\u00f3n peruana liderada por el Presidente Ejecutivo del Instituto Nacional de Defensa de la Competencia y de la Protecci\u00f3n de la Propiedad Intelectual (INDECOPI), Juli\u00e1n Palac\u00edn, e integrada por el Representante Permanente Alterno del Per\u00fa ante los organismos econ\u00f3micos en Ginebra, Ministro Pedro Bravo, y la Segunda Secretaria de la Misi\u00f3n del Per\u00fa, Alison Urquizo, culmin\u00f3 exitosamente su participaci\u00f3n en la 63\u00aa serie de reuniones de las Asambleas de los miembros de la Organizaci\u00f3n Mundial de la Propiedad Intelecctual &#8211; OMPI, que se llev\u00f3 a cabo en Ginebra del 14 al 22 de julio de 2022.<\/p>\n<p style=\"text-align: justify;\">En estas Asambleas se aprob\u00f3 la convocatoria de dos Conferencias Diplom\u00e1ticas en el 2024 para concluir acuerdos internacionales sobre la protecci\u00f3n de los dise\u00f1os, y sobre la propiedad intelectual, los recursos gen\u00e9ticos y los conocimientos tradicionales asociados a los recursos gen\u00e9ticos, luego de a\u00f1os de negociaciones. Asimismo, se adopt\u00f3, con el apoyo del Per\u00fa, la resoluci\u00f3n sobre asistencia y apoyo al sector de innovaci\u00f3n y creatividad y al sistema de propiedad intelectual de Ucrania a fin de apoyar en su reconstrucci\u00f3n.<\/p>\n<p style=\"text-align: justify;\">Adicionalmente, el Per\u00fa deposit\u00f3 5 instrumentos sobre propiedad intelectual, incluyendo los 4 tratados de clasificaci\u00f3n sobre marca, patentes y dise\u00f1os industriales (Niza, Locarno, Estrasburgo y Viena). Adem\u00e1s, deposit\u00f3 su instrumento de ratificaci\u00f3n del Acta de Ginebra del Arreglo de Lisboa relativo a las denominaciones de origen e indicaciones geogr\u00e1ficas que permitir\u00e1 valorizar nuestros productos artesanales y agr\u00edcolas con caracter\u00edsticas sui generis y, en esa l\u00ednea, beneficiar\u00e1 especialmente a las comunidades nativas y peque\u00f1as empresas.<\/p>\n<p style=\"text-align: justify;\">Finalmente, en el margen de estas Asambleas, el Presidente de INDECOPI sostuvo m\u00e1s de 20 reuniones, entre ellas encuentros bilaterales con sus hom\u00f3logos de Espa\u00f1a y Francia; con otros grupos peque\u00f1os como el liderado por el Reino Unido sobre lucha contra la pirater\u00eda; y, reuniones de grupos regionales a nivel de Am\u00e9rica Latina e Iberoam\u00e9rica, adem\u00e1s de varias sesiones de trabajo con expertos de la Secretaria de la OMPI. Todas ellas con el objetivo de avanzar la agenda de cooperaci\u00f3n y sentar las bases para discusiones y actividades a llevarse a cabo a corto, mediano y largo plazo que contribuir\u00e1n al crecimiento y desarrollo del ecosistema de innovaci\u00f3n y de la propiedad intelectual del Per\u00fa, incluyendo la posible incorporaci\u00f3n de nuestro pa\u00eds a nuevos instrumentos multilaterales.<\/p>\n<p style=\"text-align: justify;\">Ginebra, 27 de julio de 2022<\/p>\n","protected":false},"excerpt":{"rendered":"<p>El Per\u00fa deposit\u00f3 5 instrumentos relativos a la propiedad intelectual, incluyendo los 4 tratados de clasificaci\u00f3n y el Acta de Ginebra del Arreglo de Lisboa Se aprob\u00f3 adem\u00e1s la convocatoria<span class=\"excerpt-hellip\"> [\u2026]<\/span><\/p>\n","protected":false},"author":1,"featured_media":5749,"comment_status":"open","ping_status":"open","sticky":false,"template":"","format":"image","meta":{"rs_blank_template":"","rs_page_bg_color":"","slide_template_v7":"","inline_featured_image":false,"footnotes":""},"categories":[29,75],"tags":[117,38],"class_list":["post-5746","post","type-post","status-publish","format-image","has-post-thumbnail","hentry","category-noticias","category-propiedad-intelectual","tag-117","tag-ompi","post_format-post-format-image"],"_links":{"self":[{"href":"https:\/\/www.chuquihuara.com\/gva\/index.php?rest_route=\/wp\/v2\/posts\/5746","targetHints":{"allow":["GET"]}}],"collection":[{"href":"https:\/\/www.chuquihuara.com\/gva\/index.php?rest_route=\/wp\/v2\/posts"}],"about":[{"href":"https:\/\/www.chuquihuara.com\/gva\/index.php?rest_route=\/wp\/v2\/types\/post"}],"author":[{"embeddable":true,"href":"https:\/\/www.chuquihuara.com\/gva\/index.php?rest_route=\/wp\/v2\/users\/1"}],"replies":[{"embeddable":true,"href":"https:\/\/www.chuquihuara.com\/gva\/index.php?rest_route=%2Fwp%2Fv2%2Fcomments&post=5746"}],"version-history":[{"count":0,"href":"https:\/\/www.chuquihuara.com\/gva\/index.php?rest_route=\/wp\/v2\/posts\/5746\/revisions"}],"wp:featuredmedia":[{"embeddable":true,"href":"https:\/\/www.chuquihuara.com\/gva\/index.php?rest_route=\/wp\/v2\/media\/5749"}],"wp:attachment":[{"href":"https:\/\/www.chuquihuara.com\/gva\/index.php?rest_route=%2Fwp%2Fv2%2Fmedia&parent=5746"}],"wp:term":[{"taxonomy":"category","embeddable":true,"href":"https:\/\/www.chuquihuara.com\/gva\/index.php?rest_route=%2Fwp%2Fv2%2Fcategories&post=5746"},{"taxonomy":"post_tag","embeddable":true,"href":"https:\/\/www.chuquihuara.com\/gva\/index.php?rest_route=%2Fwp%2Fv2%2Ftags&post=5746"}],"curies":[{"name":"wp","href":"https:\/\/api.w.org\/{rel}","templated":true}]}}