{"id":4242,"date":"2022-05-12T20:45:13","date_gmt":"2022-05-12T18:45:13","guid":{"rendered":"https:\/\/www.onuperu.org\/?p=4242"},"modified":"2022-05-12T20:45:13","modified_gmt":"2022-05-12T18:45:13","slug":"peru-condena-violaciones-de-derechos-humanos-reportadas-en-ucrania-a-raiz-de-la-agresion-rusa-y-exhorta-investigaciones-ante-consejo-de-derechos-humanos-de-la-onu-en-ginebra","status":"publish","type":"post","link":"https:\/\/www.chuquihuara.com\/gva\/?p=4242","title":{"rendered":"Per\u00fa condena violaciones de derechos humanos reportadas en Ucrania a ra\u00edz de la agresi\u00f3n rusa y exhorta investigaciones ante Consejo de Derechos Humanos de la ONU en Ginebra"},"content":{"rendered":"<h4 style=\"text-align: justify;\"><strong>Nota de Prensa<\/strong><\/h4>\n<p style=\"text-align: justify;\">En la fecha, el Per\u00fa particip\u00f3 en la Sesi\u00f3n Extraordinaria del Consejo de Derechos Humanos de las Naciones Unidas, en Ginebra, convocada de urgencia, con el apoyo del Per\u00fa, para abordar el deterioro de la situaci\u00f3n de los derechos humanos en Ucrania a ra\u00edz de la agresi\u00f3n rusa, expresando su preocupaci\u00f3n por las graves y persistentes denuncias de violaciones de los derechos humanos y el derecho internacional humanitario que vienen siendo documentadas.<\/p>\n<p style=\"text-align: justify;\">El Representante Permanente peruano en Ginebra, Embajador Luis Chuquihuara, expres\u00f3 el rechazo del Per\u00fa al bombardeo indiscriminado de zonas habitadas, causando la muerte de civiles y destrozando hospitales, escuelas y otras infraestructuras civiles.<\/p>\n<p style=\"text-align: justify;\">Afirm\u00f3 su alarma por las crecientes acusaciones de violencia sexual contra mujeres, hombres, ni\u00f1as y ni\u00f1os, relacionadas al conflicto y reafirm\u00f3 la importancia de garantizar a las v\u00edctimas el acceso a servicios de apoyo adecuados y seguros.<\/p>\n<p style=\"text-align: justify;\">Conden\u00f3 las ejecuciones sumarias de civiles que vienen siendo documentadas y exhort\u00f3 a que \u00e9stos, y otros sucesos, como casos de detenciones arbitrarias, desapariciones forzadas y de uso de tortura, se investiguen a cabalidad.<\/p>\n<p style=\"text-align: justify;\">Reiter\u00f3 que el Per\u00fa demanda el estricto respeto del derecho internacional humanitario y el derecho internacional de los derechos humanos, e inst\u00f3 a las partes redoblar esfuerzos por encontrar una soluci\u00f3n diplom\u00e1tica, pac\u00edfica y negociada al conflicto, en cumplimiento de los principios y obligaciones contenidas en la Carta de las Naciones Unidas.<\/p>\n<p style=\"text-align: justify;\">Concluido el debate, el Consejo de Derechos Humanos adopt\u00f3 una resoluci\u00f3n, apoyada por el Per\u00fa, reiterando su exhortaci\u00f3n al cese inmediato de las hostilidades militares contra Ucrania y a que todas las partes del conflicto respeten el derecho internacional humanitario y de cualquier violaci\u00f3n de los derechos humanos en Ucrania. Adem\u00e1s, solicit\u00f3 a la recientemente creada comisi\u00f3n internacional independiente de investigaci\u00f3n de las Naciones Unidas sobre Ucrania a prestar especial atenci\u00f3n a los sucesos ocurridos en Kyiv, Chernihiv y Kharkiv.<\/p>\n<p style=\"text-align: justify;\">Ginebra, 12 de mayo de 2022<\/p>\n","protected":false},"excerpt":{"rendered":"<p>Nota de Prensa En la fecha, el Per\u00fa particip\u00f3 en la Sesi\u00f3n Extraordinaria del Consejo de Derechos Humanos de las Naciones Unidas, en Ginebra, convocada de urgencia, con el apoyo<span class=\"excerpt-hellip\"> [\u2026]<\/span><\/p>\n","protected":false},"author":1,"featured_media":4244,"comment_status":"open","ping_status":"open","sticky":false,"template":"","format":"image","meta":{"rs_blank_template":"","rs_page_bg_color":"","slide_template_v7":"","inline_featured_image":false,"footnotes":""},"categories":[56,29],"tags":[117,41],"class_list":["post-4242","post","type-post","status-publish","format-image","has-post-thumbnail","hentry","category-derechos-humanos","category-noticias","tag-117","tag-cdh","post_format-post-format-image"],"_links":{"self":[{"href":"https:\/\/www.chuquihuara.com\/gva\/index.php?rest_route=\/wp\/v2\/posts\/4242","targetHints":{"allow":["GET"]}}],"collection":[{"href":"https:\/\/www.chuquihuara.com\/gva\/index.php?rest_route=\/wp\/v2\/posts"}],"about":[{"href":"https:\/\/www.chuquihuara.com\/gva\/index.php?rest_route=\/wp\/v2\/types\/post"}],"author":[{"embeddable":true,"href":"https:\/\/www.chuquihuara.com\/gva\/index.php?rest_route=\/wp\/v2\/users\/1"}],"replies":[{"embeddable":true,"href":"https:\/\/www.chuquihuara.com\/gva\/index.php?rest_route=%2Fwp%2Fv2%2Fcomments&post=4242"}],"version-history":[{"count":0,"href":"https:\/\/www.chuquihuara.com\/gva\/index.php?rest_route=\/wp\/v2\/posts\/4242\/revisions"}],"wp:featuredmedia":[{"embeddable":true,"href":"https:\/\/www.chuquihuara.com\/gva\/index.php?rest_route=\/wp\/v2\/media\/4244"}],"wp:attachment":[{"href":"https:\/\/www.chuquihuara.com\/gva\/index.php?rest_route=%2Fwp%2Fv2%2Fmedia&parent=4242"}],"wp:term":[{"taxonomy":"category","embeddable":true,"href":"https:\/\/www.chuquihuara.com\/gva\/index.php?rest_route=%2Fwp%2Fv2%2Fcategories&post=4242"},{"taxonomy":"post_tag","embeddable":true,"href":"https:\/\/www.chuquihuara.com\/gva\/index.php?rest_route=%2Fwp%2Fv2%2Ftags&post=4242"}],"curies":[{"name":"wp","href":"https:\/\/api.w.org\/{rel}","templated":true}]}}