{"id":3481,"date":"2022-02-17T21:47:10","date_gmt":"2022-02-17T20:47:10","guid":{"rendered":"https:\/\/www.onuperu.org\/?p=3481"},"modified":"2022-02-18T14:57:00","modified_gmt":"2022-02-18T13:57:00","slug":"canciller-promovera-candidatura-de-peru-al-consejo-de-derechos-humanos-de-la-onu","status":"publish","type":"post","link":"https:\/\/www.chuquihuara.com\/gva\/?p=3481","title":{"rendered":"Canciller promover\u00e1 candidatura de Per\u00fa al Consejo de Derechos Humanos de la ONU"},"content":{"rendered":"<h4>Aclar\u00f3 que no hay planteamiento para que Naciones Unidas eval\u00fae situaci\u00f3n de DD.HH en el pa\u00eds<\/h4>\n<div class=\"col s12 m12 l12 xl12 no-padding margin-top-bot\">\n<div class=\"col s12 m12 l8 xl8 no-padding margin-top-bot\">\n<p class=\"margin0\" style=\"text-align: justify;\"><strong>Lima, feb. 17. (Andina)<\/strong> El canciller C\u00e9sar Landa inform\u00f3 que viajar\u00e1 a Ginebra donde promover\u00e1 la candidatura del Per\u00fa al Consejo de Derechos Humanos de las Naciones Unidas, cuya elecci\u00f3n ser\u00e1 el a\u00f1o 2023 y presentar los avances del pa\u00eds en esta materia.<\/p>\n<p class=\"margin0\" style=\"text-align: justify;\">A continuaci\u00f3n, la entrevista brindada a la Agencia de Noticias Andina:<\/p>\n<p class=\"margin0\" style=\"text-align: justify;\"><strong>El congresista Valer ha informado que se solicitar\u00e1 a las Naciones Unidas la presencia de relatores internacionales para evaluar los temas de derechos humanos en el Per\u00fa, \u00bfQu\u00e9 espec\u00edficamente ver\u00e1 esta misi\u00f3n? <\/strong><\/p>\n<p class=\"margin0\" style=\"text-align: justify;\">El planteamiento no es pedir que se eval\u00fae la situaci\u00f3n de derechos humanos en el Per\u00fa, sino que ya existe una invitaci\u00f3n formal de a\u00f1os atr\u00e1s para que relatores especiales de Naciones Unidas nos visiten y hagan un acompa\u00f1amiento que ratifique la plena vigencia de los derechos humanos en nuestro pa\u00eds.<\/p>\n<p class=\"margin0\" style=\"text-align: justify;\"><strong>\u00bfUsted tiene un viaje a Ginebra al Consejo de Derechos Humanos? <\/strong><\/p>\n<p class=\"margin0\" style=\"text-align: justify;\">Efectivamente, a fines de este mes viajar\u00e9 a Ginebra para participar en la sesi\u00f3n del Consejo de Derechos Humanos donde presentar\u00e9 los avances alcanzados en el Per\u00fa y nuestras prioridades en este tema.<\/p>\n<p class=\"margin0\" style=\"text-align: justify;\">Durante mi presencia all\u00ed me reunir\u00e9 con altas autoridades de los organismos de Naciones Unidas, entre ellas la Alta Comisionada para los Derechos Humanos, Michelle Bachelet, quien est\u00e1 invitada a visitar el Per\u00fa para conocer el desarrollo de las pol\u00edticas de gobierno en favor de los derechos humanos, aspecto que cobra especial importancia al haber sido el Per\u00fa invitado a ingresar a la OCDE.<\/p>\n<p class=\"margin0\" style=\"text-align: justify;\">Asimismo, ir\u00e9 a promover la candidatura del Per\u00fa al Consejo de Derechos Humanos de las Naciones Unidas, cuya elecci\u00f3n ser\u00e1 el a\u00f1o 2023.<\/p>\n<p class=\"margin0\" style=\"text-align: justify;\"><strong>Canciller, el Presidente ha anunciado que convocar\u00e1 a una misi\u00f3n de la OEA para ver temas anticorrupci\u00f3n en el Per\u00fa, \u00bfEn qu\u00e9 consiste esta misi\u00f3n? <\/strong><\/p>\n<p class=\"margin0\" style=\"text-align: justify;\">Como parte de los esfuerzos en la lucha contra la corrupci\u00f3n, el Per\u00fa ha venido promoviendo internacionalmente acciones para enfrentar este flagelo. Por ejemplo, durante el 2021 el Per\u00fa promovi\u00f3 el desarrollo de una sesi\u00f3n especial en la Asamblea General de las Naciones Unidas para discutir los desaf\u00edos y medidas para prevenir y combatir la corrupci\u00f3n, la misma que se llev\u00f3 a cabo en el mes de junio de ese a\u00f1o.<\/p>\n<p class=\"margin0\" style=\"text-align: justify;\">En ese contexto, la lucha contra la corrupci\u00f3n es una pol\u00edtica nacional y un mandato internacional que el Presidente Castillo, quien dirige la pol\u00edtica exterior, prioriza. Por ello, ha considerado solicitar a la OEA el apoyo al Per\u00fa en los esfuerzos en la lucha contra la corrupci\u00f3n que ha emprendido el gobierno, lo cual es una de las l\u00edneas de acci\u00f3n de esta gesti\u00f3n.<\/p>\n<p class=\"margin0\" style=\"text-align: justify;\">(FIN) JCR<\/p>\n<p><strong>Fuente<\/strong> : <a href=\"https:\/\/andina.pe\/agencia\/noticia-canciller-promovera-candidatura-peru-al-consejo-derechos-humanos-de-onu-881440.aspx\" target=\"_blank\" rel=\"noopener\">Andina de noticias<\/a><\/p>\n<\/div>\n<\/div>\n","protected":false},"excerpt":{"rendered":"<p>Aclar\u00f3 que no hay planteamiento para que Naciones Unidas eval\u00fae situaci\u00f3n de DD.HH en el pa\u00eds Lima, feb. 17. (Andina) El canciller C\u00e9sar Landa inform\u00f3 que viajar\u00e1 a Ginebra donde<span class=\"excerpt-hellip\"> [\u2026]<\/span><\/p>\n","protected":false},"author":1,"featured_media":3482,"comment_status":"open","ping_status":"open","sticky":false,"template":"","format":"image","meta":{"rs_blank_template":"","rs_page_bg_color":"","slide_template_v7":"","inline_featured_image":false,"footnotes":""},"categories":[56,91],"tags":[117,41],"class_list":["post-3481","post","type-post","status-publish","format-image","has-post-thumbnail","hentry","category-derechos-humanos","category-prensa","tag-117","tag-cdh","post_format-post-format-image"],"_links":{"self":[{"href":"https:\/\/www.chuquihuara.com\/gva\/index.php?rest_route=\/wp\/v2\/posts\/3481","targetHints":{"allow":["GET"]}}],"collection":[{"href":"https:\/\/www.chuquihuara.com\/gva\/index.php?rest_route=\/wp\/v2\/posts"}],"about":[{"href":"https:\/\/www.chuquihuara.com\/gva\/index.php?rest_route=\/wp\/v2\/types\/post"}],"author":[{"embeddable":true,"href":"https:\/\/www.chuquihuara.com\/gva\/index.php?rest_route=\/wp\/v2\/users\/1"}],"replies":[{"embeddable":true,"href":"https:\/\/www.chuquihuara.com\/gva\/index.php?rest_route=%2Fwp%2Fv2%2Fcomments&post=3481"}],"version-history":[{"count":0,"href":"https:\/\/www.chuquihuara.com\/gva\/index.php?rest_route=\/wp\/v2\/posts\/3481\/revisions"}],"wp:featuredmedia":[{"embeddable":true,"href":"https:\/\/www.chuquihuara.com\/gva\/index.php?rest_route=\/wp\/v2\/media\/3482"}],"wp:attachment":[{"href":"https:\/\/www.chuquihuara.com\/gva\/index.php?rest_route=%2Fwp%2Fv2%2Fmedia&parent=3481"}],"wp:term":[{"taxonomy":"category","embeddable":true,"href":"https:\/\/www.chuquihuara.com\/gva\/index.php?rest_route=%2Fwp%2Fv2%2Fcategories&post=3481"},{"taxonomy":"post_tag","embeddable":true,"href":"https:\/\/www.chuquihuara.com\/gva\/index.php?rest_route=%2Fwp%2Fv2%2Ftags&post=3481"}],"curies":[{"name":"wp","href":"https:\/\/api.w.org\/{rel}","templated":true}]}}