{"id":3066,"date":"2022-01-13T21:46:16","date_gmt":"2022-01-13T20:46:16","guid":{"rendered":"https:\/\/www.onuperu.org\/?p=3066"},"modified":"2022-01-28T20:24:15","modified_gmt":"2022-01-28T19:24:15","slug":"exitoso-recital-del-tenor-peruano-juan-diego-florez-en-ginebra","status":"publish","type":"post","link":"https:\/\/www.chuquihuara.com\/gva\/?p=3066","title":{"rendered":"Exitoso Recital del Tenor Peruano Juan Diego Fl\u00f3rez en Ginebra"},"content":{"rendered":"<h4 style=\"text-align: justify;\"><strong>Nota de Prensa<\/strong><\/h4>\n<p style=\"text-align: justify;\">El 10 de enero, el mundialmente conocido tenor peruano Juan Diego Fl\u00f3rez ofreci\u00f3 un recital l\u00edrico en Ginebra para celebrar el tradicional concierto de A\u00f1o Nuevo en esa ciudad suiza. El evento, realizado en la sala de conciertos del Victoria Hall, fue organizado por la Asociaci\u00f3n de Amigos de la Orquesta de la Suiza franc\u00f3fona, y cont\u00f3 con una gran asistencia de p\u00fablico que ovacion\u00f3 al tenor peruano.<\/p>\n<p style=\"text-align: justify;\">Juan Diego Fl\u00f3rez ofreci\u00f3 un repertorio variado de arias de \u00f3pera de compositores cl\u00e1sicos, abarcando del bel canto italiano de Rossini y Donizetti al repertorio franc\u00e9s de Bizet y Massenet, pasando por el romanticismo de Puccini y Mascagni. En la parte final del concierto, el artista peruano regal\u00f3 al p\u00fablico algunas canciones populares latinoamericanas. La prensa local destac\u00f3 el alto profesionalismo del tenor peruano, as\u00ed como su dominio t\u00e9cnico de la coloratura y la estrecha conexi\u00f3n con el p\u00fablico.<\/p>\n<p style=\"text-align: justify;\">El Presidente de la Asociaci\u00f3n suiza, Embajador (r) Christian Dunant, invit\u00f3 especialmente al Representante Permanente del Per\u00fa ante los Organismos Internacionales en Ginebra, Embajador Luis Chuquihuara, con quien coincidi\u00f3 en resaltar las altas cualidades l\u00edricas del tenor peruano que lo han llevado a ser uno de los m\u00e1ximos exponentes de la \u00f3pera en el mundo, adem\u00e1s de la labor social que realiza con \u201cSinfon\u00eda por el Per\u00fa\u201d en beneficio de la juventud peruana.<\/p>\n<p style=\"text-align: justify;\">Al t\u00e9rmino del evento el diplom\u00e1tico peruano extendi\u00f3 sus felicitaciones al m\u00e1ximo exponente de la l\u00edrica peruana.<\/p>\n<p style=\"text-align: justify;\">Ginebra, 13 de enero de 2022<\/p>\n<p>&nbsp;<\/p>\n","protected":false},"excerpt":{"rendered":"<p>Nota de Prensa El 10 de enero, el mundialmente conocido tenor peruano Juan Diego Fl\u00f3rez ofreci\u00f3 un recital l\u00edrico en Ginebra para celebrar el tradicional concierto de A\u00f1o Nuevo en<span class=\"excerpt-hellip\"> [\u2026]<\/span><\/p>\n","protected":false},"author":1,"featured_media":3067,"comment_status":"open","ping_status":"open","sticky":false,"template":"","format":"image","meta":{"rs_blank_template":"","rs_page_bg_color":"","slide_template_v7":"","inline_featured_image":false,"footnotes":""},"categories":[29],"tags":[117,120],"class_list":["post-3066","post","type-post","status-publish","format-image","has-post-thumbnail","hentry","category-noticias","tag-117","tag-juan-diego-florez","post_format-post-format-image"],"_links":{"self":[{"href":"https:\/\/www.chuquihuara.com\/gva\/index.php?rest_route=\/wp\/v2\/posts\/3066","targetHints":{"allow":["GET"]}}],"collection":[{"href":"https:\/\/www.chuquihuara.com\/gva\/index.php?rest_route=\/wp\/v2\/posts"}],"about":[{"href":"https:\/\/www.chuquihuara.com\/gva\/index.php?rest_route=\/wp\/v2\/types\/post"}],"author":[{"embeddable":true,"href":"https:\/\/www.chuquihuara.com\/gva\/index.php?rest_route=\/wp\/v2\/users\/1"}],"replies":[{"embeddable":true,"href":"https:\/\/www.chuquihuara.com\/gva\/index.php?rest_route=%2Fwp%2Fv2%2Fcomments&post=3066"}],"version-history":[{"count":0,"href":"https:\/\/www.chuquihuara.com\/gva\/index.php?rest_route=\/wp\/v2\/posts\/3066\/revisions"}],"wp:featuredmedia":[{"embeddable":true,"href":"https:\/\/www.chuquihuara.com\/gva\/index.php?rest_route=\/wp\/v2\/media\/3067"}],"wp:attachment":[{"href":"https:\/\/www.chuquihuara.com\/gva\/index.php?rest_route=%2Fwp%2Fv2%2Fmedia&parent=3066"}],"wp:term":[{"taxonomy":"category","embeddable":true,"href":"https:\/\/www.chuquihuara.com\/gva\/index.php?rest_route=%2Fwp%2Fv2%2Fcategories&post=3066"},{"taxonomy":"post_tag","embeddable":true,"href":"https:\/\/www.chuquihuara.com\/gva\/index.php?rest_route=%2Fwp%2Fv2%2Ftags&post=3066"}],"curies":[{"name":"wp","href":"https:\/\/api.w.org\/{rel}","templated":true}]}}