{"id":3040,"date":"2022-01-07T20:04:26","date_gmt":"2022-01-07T19:04:26","guid":{"rendered":"https:\/\/www.onuperu.org\/?p=3040"},"modified":"2022-01-08T19:53:05","modified_gmt":"2022-01-08T18:53:05","slug":"peru-asume-la-conduccion-del-grupo-regional-de-america-latina-y-el-caribe-en-el-consejo-de-derechos-humanos-de-las-naciones-unidas","status":"publish","type":"post","link":"https:\/\/www.chuquihuara.com\/gva\/?p=3040","title":{"rendered":"Per\u00fa asume la conducci\u00f3n del grupo regional de Am\u00e9rica Latina y el Caribe en el Consejo de Derechos Humanos de las Naciones Unidas"},"content":{"rendered":"<h4>Nota informativa<\/h4>\n<p style=\"text-align: justify;\">Como primer acto en la Coordinaci\u00f3n General del Grupo Regional de Am\u00e9rica Latina y el Caribe en el Consejo de Derechos Humanos de las Naciones Unidas en Ginebra, en la v\u00edspera el Representante Permanente del Per\u00fa, Embajador Luis Chuquihuara, recibi\u00f3 la visita del recientemente elegido Presidente del Consejo de Derechos Humanos, el Embajador Federico Villegas, de la Argentina.<\/p>\n<p style=\"text-align: justify;\">Los Representantes Permanentes coincidieron en la importancia de trabajar de manera conjunta para brindar un renovado impulso al papel de la regi\u00f3n en el m\u00e1ximo \u00f3rgano de las Naciones Unidas dedicado a la promoci\u00f3n y protecci\u00f3n de los derechos humanos, especialmente en temas de particular importancia para nuestros pa\u00edses como la lucha contra la pobreza y la exclusi\u00f3n social, los derechos de las mujeres y la igualdad de g\u00e9nero, as\u00ed como los derechos de los pueblos ind\u00edgenas y de las personas afrodescendientes.<\/p>\n<p style=\"text-align: justify;\">El Per\u00fa ocupar\u00e1 la referida coordinaci\u00f3n regional durante todo el a\u00f1o 2022 y asume dicha importante responsabilidad como muestra del firme compromiso del pa\u00eds con la promoci\u00f3n y protecci\u00f3n de los derechos humanos, con el derecho internacional de los derechos humanos y el multilateralismo.<\/p>\n<p>Ginebra, 7 de enero de 2022<\/p>\n<p>&nbsp;<\/p>\n","protected":false},"excerpt":{"rendered":"<p>Nota informativa Como primer acto en la Coordinaci\u00f3n General del Grupo Regional de Am\u00e9rica Latina y el Caribe en el Consejo de Derechos Humanos de las Naciones Unidas en Ginebra,<span class=\"excerpt-hellip\"> [\u2026]<\/span><\/p>\n","protected":false},"author":1,"featured_media":3048,"comment_status":"open","ping_status":"open","sticky":false,"template":"","format":"image","meta":{"rs_blank_template":"","rs_page_bg_color":"","slide_template_v7":"","inline_featured_image":false,"footnotes":""},"categories":[56,29],"tags":[],"class_list":["post-3040","post","type-post","status-publish","format-image","has-post-thumbnail","hentry","category-derechos-humanos","category-noticias","post_format-post-format-image"],"_links":{"self":[{"href":"https:\/\/www.chuquihuara.com\/gva\/index.php?rest_route=\/wp\/v2\/posts\/3040","targetHints":{"allow":["GET"]}}],"collection":[{"href":"https:\/\/www.chuquihuara.com\/gva\/index.php?rest_route=\/wp\/v2\/posts"}],"about":[{"href":"https:\/\/www.chuquihuara.com\/gva\/index.php?rest_route=\/wp\/v2\/types\/post"}],"author":[{"embeddable":true,"href":"https:\/\/www.chuquihuara.com\/gva\/index.php?rest_route=\/wp\/v2\/users\/1"}],"replies":[{"embeddable":true,"href":"https:\/\/www.chuquihuara.com\/gva\/index.php?rest_route=%2Fwp%2Fv2%2Fcomments&post=3040"}],"version-history":[{"count":0,"href":"https:\/\/www.chuquihuara.com\/gva\/index.php?rest_route=\/wp\/v2\/posts\/3040\/revisions"}],"wp:featuredmedia":[{"embeddable":true,"href":"https:\/\/www.chuquihuara.com\/gva\/index.php?rest_route=\/wp\/v2\/media\/3048"}],"wp:attachment":[{"href":"https:\/\/www.chuquihuara.com\/gva\/index.php?rest_route=%2Fwp%2Fv2%2Fmedia&parent=3040"}],"wp:term":[{"taxonomy":"category","embeddable":true,"href":"https:\/\/www.chuquihuara.com\/gva\/index.php?rest_route=%2Fwp%2Fv2%2Fcategories&post=3040"},{"taxonomy":"post_tag","embeddable":true,"href":"https:\/\/www.chuquihuara.com\/gva\/index.php?rest_route=%2Fwp%2Fv2%2Ftags&post=3040"}],"curies":[{"name":"wp","href":"https:\/\/api.w.org\/{rel}","templated":true}]}}