{"id":2650,"date":"2021-09-03T22:29:23","date_gmt":"2021-09-03T20:29:23","guid":{"rendered":"https:\/\/www.onuperu.org\/?p=2650"},"modified":"2021-11-15T23:59:16","modified_gmt":"2021-11-15T22:59:16","slug":"presentan-propuesta-para-iniciar-el-proceso-hacia-un-acuerdo-global-legalmente-vinculante-contra-contaminacion-por-plasticos","status":"publish","type":"post","link":"https:\/\/www.chuquihuara.com\/gva\/?p=2650","title":{"rendered":"Presentan propuesta para iniciar el proceso hacia un Acuerdo Global Legalmente Vinculante contra Contaminaci\u00f3n por Pl\u00e1sticos"},"content":{"rendered":"<div>\n<h4 style=\"text-align: justify;\">Proyecto de resoluci\u00f3n, elaborado por Per\u00fa y Ruanda, fue expuesto en la Conferencia Ministerial que tuvo lugar en Ginebra, Suiza.<\/h4>\n<p style=\"text-align: justify;\"><a href=\"https:\/\/conferencemarinelitterplasticpollution.org\/.cm4all\/uproc.php\/0\/UNEA5.2%20Global_Agreement_.pdf?cdp=a&amp;_=17ba640bc3b\" target=\"_blank\" rel=\"noopener\">La propuesta de resoluci\u00f3n para iniciar el proceso de negociaciones intergubernamentales hacia la construcci\u00f3n de un Acuerdo Global Legalmente Vinculante contra la Contaminaci\u00f3n por Pl\u00e1stico\u00a0<\/a>fue presentada por Per\u00fa y Ruanda durante la Conferencia Ministerial Sobre Basura Marina y Contaminaci\u00f3n Pl\u00e1stica, realizada del 1 al 2 de setiembre por el Programa de las Naciones Unidas para el medio Ambiente (PNUMA), en Ginebra, Suiza.<\/p>\n<p style=\"text-align: justify;\">Dicho proyecto de resoluci\u00f3n tiene como objetivo impulsar y allanar el camino hacia un acuerdo vinculante contra la basura marina. Se tiene previsto que dicho documento sea presentado en la UNEA 5.2 (febrero de 2022) y se espera que sea aprobado para iniciar las negociaciones a fin de llegar a un acuerdo global vinculante a nivel de las Naciones Unidas.<\/p>\n<p style=\"text-align: justify;\">En el marco de la citada conferencia ministerial, donde hubo representantes de 140 pa\u00edses y numerosas organizaciones no gubernamentales, el ministro del Ambiente, Rub\u00e9n Ram\u00edrez, particip\u00f3 en la Secci\u00f3n 5: \u201cDi\u00e1logo de Alto Nivel\u201d, donde expres\u00f3 que el Per\u00fa es un pa\u00eds con ra\u00edces de la cultura inca, donde el hombre vivi\u00f3 en sinton\u00eda con la naturaleza; por tanto, se tiene el compromiso para luchar contra la basura marina.<\/p>\n<p style=\"text-align: justify;\">Luego, en su intervenci\u00f3n, junto a la representaci\u00f3n de Ruanda, en la Secci\u00f3n 7<strong>\u00a0<\/strong>del programa:\u00a0<em>\u201cActualizaci\u00f3n sobre procesos relevantes\u201d<\/em>, expuso la actualizaci\u00f3n del estado del borrador de Resoluci\u00f3n para un Acuerdo Global de Pl\u00e1stico.\u00a0<em>\u201cNo bastan los esfuerzos aislados. Por lo tanto, ratificamos nuestro compromiso para hacer un llamado a todas y todos ustedes para esforzarnos en la construcci\u00f3n de un acuerdo global para combatir la contaminaci\u00f3n por pl\u00e1sticos que afectan nuestros mares, r\u00edos y lago\u201d, expres\u00f3.<\/em><\/p>\n<p style=\"text-align: justify;\">En otro momento, el ministro Ram\u00edrez present\u00f3 los lineamientos del gobierno del presidente de la Rep\u00fablica, Pedro Castillo, respecto a la protecci\u00f3n del planeta y la conservaci\u00f3n del ambiente, destacando la experiencia y la procedencia rural del mandatario peruano.<\/p>\n<p style=\"text-align: justify;\"><strong>Acuerdo Global<\/strong><\/p>\n<p style=\"text-align: justify;\">De acuerdo a la propuesta presentada, el citado acuerdo deber\u00eda basarse en un enfoque de precauci\u00f3n y reconocer el impacto devastador y, con frecuencia, irreversible de la contaminaci\u00f3n pl\u00e1stica en los ecosistemas, el clima y los medios de vida. Entre otros aspectos se propone adoptar un enfoque a largo plazo en el desarrollo de estrategias que eviten las dependencias de la tecnolog\u00eda e incluir medidas espec\u00edficas para determinados pl\u00e1sticos que se consideren riesgosos para el medio ambiente y la salud humana.<\/p>\n<p style=\"text-align: justify;\"><strong>Declaraci\u00f3n Ministerial<\/strong><\/p>\n<p style=\"text-align: justify;\">Al final de dicha conferencia se present\u00f3 una\u00a0<a href=\"https:\/\/conferencemarinelitterplasticpollution.org\/.cm4all\/uproc.php\/0\/Ministerial%20Statement_final.pdf?cdp=a&amp;_=17ba5ef76c1\" target=\"_blank\" rel=\"noopener\">Declaraci\u00f3n Ministerial, la misma que refleja el compromiso y la voluntad pol\u00edtica de los pa\u00edses para acabar con la basura y la contaminaci\u00f3n pl\u00e1stica<\/a>, a fin de garantizar un futuro con mares, lagos y r\u00edos limpios. Asimismo, ratifica el compromiso para construir un acuerdo global para combatir ese tipo de contaminaci\u00f3n.<\/p>\n<p style=\"text-align: justify;\"><strong>Fuente<\/strong> : <a href=\"https:\/\/www.gob.pe\/institucion\/minam\/noticias\/514951-presentan-propuesta-para-iniciar-el-proceso-hacia-un-acuerdo-global-legalmente-vinculante-contra-contaminacion-por-plasticos\">Ministerio del Ambiente<\/a><\/p>\n<\/div>\n","protected":false},"excerpt":{"rendered":"<p>Proyecto de resoluci\u00f3n, elaborado por Per\u00fa y Ruanda, fue expuesto en la Conferencia Ministerial que tuvo lugar en Ginebra, Suiza. La propuesta de resoluci\u00f3n para iniciar el proceso de negociaciones<span class=\"excerpt-hellip\"> [\u2026]<\/span><\/p>\n","protected":false},"author":1,"featured_media":2730,"comment_status":"open","ping_status":"open","sticky":false,"template":"","format":"image","meta":{"rs_blank_template":"","rs_page_bg_color":"","slide_template_v7":"","inline_featured_image":false,"footnotes":""},"categories":[70,29],"tags":[27,99],"class_list":["post-2650","post","type-post","status-publish","format-image","has-post-thumbnail","hentry","category-medio-ambiente","category-noticias","tag-27","tag-medio-ambiente","post_format-post-format-image"],"_links":{"self":[{"href":"https:\/\/www.chuquihuara.com\/gva\/index.php?rest_route=\/wp\/v2\/posts\/2650","targetHints":{"allow":["GET"]}}],"collection":[{"href":"https:\/\/www.chuquihuara.com\/gva\/index.php?rest_route=\/wp\/v2\/posts"}],"about":[{"href":"https:\/\/www.chuquihuara.com\/gva\/index.php?rest_route=\/wp\/v2\/types\/post"}],"author":[{"embeddable":true,"href":"https:\/\/www.chuquihuara.com\/gva\/index.php?rest_route=\/wp\/v2\/users\/1"}],"replies":[{"embeddable":true,"href":"https:\/\/www.chuquihuara.com\/gva\/index.php?rest_route=%2Fwp%2Fv2%2Fcomments&post=2650"}],"version-history":[{"count":0,"href":"https:\/\/www.chuquihuara.com\/gva\/index.php?rest_route=\/wp\/v2\/posts\/2650\/revisions"}],"wp:featuredmedia":[{"embeddable":true,"href":"https:\/\/www.chuquihuara.com\/gva\/index.php?rest_route=\/wp\/v2\/media\/2730"}],"wp:attachment":[{"href":"https:\/\/www.chuquihuara.com\/gva\/index.php?rest_route=%2Fwp%2Fv2%2Fmedia&parent=2650"}],"wp:term":[{"taxonomy":"category","embeddable":true,"href":"https:\/\/www.chuquihuara.com\/gva\/index.php?rest_route=%2Fwp%2Fv2%2Fcategories&post=2650"},{"taxonomy":"post_tag","embeddable":true,"href":"https:\/\/www.chuquihuara.com\/gva\/index.php?rest_route=%2Fwp%2Fv2%2Ftags&post=2650"}],"curies":[{"name":"wp","href":"https:\/\/api.w.org\/{rel}","templated":true}]}}